{"id":591,"date":"2025-09-15T19:50:20","date_gmt":"2025-09-15T22:50:20","guid":{"rendered":"https:\/\/leea.uenf.br\/?p=591"},"modified":"2025-09-15T20:02:00","modified_gmt":"2025-09-15T23:02:00","slug":"inscricoes-para-professor-titular-do-cch-uenf","status":"publish","type":"post","link":"https:\/\/leea.uenf.br\/?p=591","title":{"rendered":"Inscri\u00e7\u00f5es para professor titular do CCH\/UENF"},"content":{"rendered":"\n<p>Est\u00e3o abertas as inscri\u00e7\u00f5es para o concurso de professor titular na \u00e1rea de Ci\u00eancias Sociais, Ci\u00eancias Sociais Aplicadas e Ci\u00eancias Humanas do Laborat\u00f3rio de Estudos do Espa\u00e7o Antr\u00f3pico do Centro de Ci\u00eancias do Homem da UENF.<\/p>\n\n\n\n<p><strong>CRONOGRAMA DO CONCURSO:<\/strong><br>Per\u00edodo de inscri\u00e7\u00e3o: de <strong><em>11\/08 a 10\/10\/2025<\/em><\/strong>;<br>Divulga\u00e7\u00e3o de candidatos inscritos: <strong><em>20\/10\/2025<\/em><\/strong>;<br>Divulga\u00e7\u00e3o da composi\u00e7\u00e3o da Comiss\u00e3o Examinadora: <strong><em>20\/10\/2025<\/em><\/strong>;<br>Impugna\u00e7\u00e3o da banca: de <strong><em>21\/10 a 27\/10\/2025<\/em><\/strong>;<br>Divulga\u00e7\u00e3o do Cronograma do Concurso: a partir de <strong><em>07\/11\/2025<\/em><\/strong>.<\/p>\n\n\n\n<p><\/p>\n\n\n\n<ul class=\"wp-block-list\">\n<li><a href=\"https:\/\/leea.uenf.br\/wp-content\/uploads\/2025\/09\/Edital_LEEA.pdf\" target=\"_blank\" rel=\"noreferrer noopener\">EDITAL COMPLETO<\/a><\/li>\n<\/ul>\n\n\n\n<ul class=\"wp-block-list\">\n<li><a href=\"https:\/\/leea.uenf.br\/wp-content\/uploads\/2025\/09\/Anexos_Edital_LEEA.pdf\" target=\"_blank\" rel=\"noreferrer noopener\">ANEXOS<\/a><\/li>\n\n\n\n<li><a href=\"https:\/\/leea.uenf.br\/wp-content\/uploads\/2025\/09\/Anexos_Edital_RETIFICADO_LEEA.pdf\" target=\"_blank\" rel=\"noreferrer noopener\">ANEXOS <strong><em>RETIFICADOS<\/em><\/strong><\/a><\/li>\n<\/ul>\n\n\n\n<p><\/p>\n","protected":false},"excerpt":{"rendered":"<p>Est\u00e3o abertas as inscri\u00e7\u00f5es para o concurso de professor titular na \u00e1rea de Ci\u00eancias Sociais, Ci\u00eancias Sociais Aplicadas e Ci\u00eancias Humanas do Laborat\u00f3rio de Estudos do Espa\u00e7o Antr\u00f3pico do Centro de Ci\u00eancias do Homem da UENF. CRONOGRAMA DO CONCURSO:Per\u00edodo de inscri\u00e7\u00e3o: de 11\/08 a 10\/10\/2025;Divulga\u00e7\u00e3o de candidatos inscritos: 20\/10\/2025;Divulga\u00e7\u00e3o da composi\u00e7\u00e3o da Comiss\u00e3o Examinadora: 20\/10\/2025;Impugna\u00e7\u00e3o [&hellip;]<\/p>\n","protected":false},"author":1,"featured_media":601,"comment_status":"open","ping_status":"open","sticky":false,"template":"","format":"standard","meta":{"saved_in_kubio":false,"footnotes":""},"categories":[10],"tags":[],"class_list":["post-591","post","type-post","status-publish","format-standard","has-post-thumbnail","hentry","category-destaques"],"_links":{"self":[{"href":"https:\/\/leea.uenf.br\/index.php?rest_route=\/wp\/v2\/posts\/591","targetHints":{"allow":["GET"]}}],"collection":[{"href":"https:\/\/leea.uenf.br\/index.php?rest_route=\/wp\/v2\/posts"}],"about":[{"href":"https:\/\/leea.uenf.br\/index.php?rest_route=\/wp\/v2\/types\/post"}],"author":[{"embeddable":true,"href":"https:\/\/leea.uenf.br\/index.php?rest_route=\/wp\/v2\/users\/1"}],"replies":[{"embeddable":true,"href":"https:\/\/leea.uenf.br\/index.php?rest_route=%2Fwp%2Fv2%2Fcomments&post=591"}],"version-history":[{"count":1,"href":"https:\/\/leea.uenf.br\/index.php?rest_route=\/wp\/v2\/posts\/591\/revisions"}],"predecessor-version":[{"id":596,"href":"https:\/\/leea.uenf.br\/index.php?rest_route=\/wp\/v2\/posts\/591\/revisions\/596"}],"wp:featuredmedia":[{"embeddable":true,"href":"https:\/\/leea.uenf.br\/index.php?rest_route=\/wp\/v2\/media\/601"}],"wp:attachment":[{"href":"https:\/\/leea.uenf.br\/index.php?rest_route=%2Fwp%2Fv2%2Fmedia&parent=591"}],"wp:term":[{"taxonomy":"category","embeddable":true,"href":"https:\/\/leea.uenf.br\/index.php?rest_route=%2Fwp%2Fv2%2Fcategories&post=591"},{"taxonomy":"post_tag","embeddable":true,"href":"https:\/\/leea.uenf.br\/index.php?rest_route=%2Fwp%2Fv2%2Ftags&post=591"}],"curies":[{"name":"wp","href":"https:\/\/api.w.org\/{rel}","templated":true}]}}