{"id":620,"date":"2025-09-25T11:53:13","date_gmt":"2025-09-25T14:53:13","guid":{"rendered":"https:\/\/leea.uenf.br\/?p=620"},"modified":"2025-09-25T11:53:14","modified_gmt":"2025-09-25T14:53:14","slug":"professora-teresa-peixoto-faria-representa-o-leea-no-xvi-enanpege-geografias-em-um-mundo-em-crise-na-ufap-macapa","status":"publish","type":"post","link":"https:\/\/leea.uenf.br\/?p=620","title":{"rendered":"Professora Teresa Peixoto Faria representa o LEEA no XVI ENANPEGE &#8221; Geografias em um mundo em crise&#8221;, na UFAP- Macap\u00e1"},"content":{"rendered":"\n<p>A Professora Teresa Peixoto Faria representando o LEEA no XVI ENANPEGE &#8220;Geografias em um mundo em crise&#8221;, na UFAP- Macap\u00e1, com apresenta\u00e7\u00e3o do trabalho \u201cVulnerabilidade Socioambiental na Favela e Comunidade Urbana Fund\u00e3o: Uma An\u00e1lise Dos Riscos \u00c0 Margem Esquerda do Rio Para\u00edba do Sul em Campos Dos Goytacazes\/RJ\u201d, cuja autora principal \u00e9 a mestranda do Programa de P\u00f3s-Gradua\u00e7\u00e3o em Pol\u00edticas Sociais, Marcia Lima.<\/p>\n\n\n\n<p>O trabalho analisa a vulnerabilidade socioambiental dos moradores da Favela e Comunidade Urbana Fund\u00e3o, localizada \u00e0 margem esquerda do Rio Para\u00edba do Sul, em Campos dos Goytacazes. Com foco nos riscos associados a processos de inunda\u00e7\u00e3o e eros\u00e3o, buscamos compreender como a popula\u00e7\u00e3o habita e vivencia a exposi\u00e7\u00e3o aos riscos. Assim, o objetivo principal \u00e9 contextualizar a problem\u00e1tica da vulnerabilidade socioambiental nas cidades.<\/p>\n\n\n\n<p>A pesquisa se justifica pela import\u00e2ncia da discuss\u00e3o sobre ocupa\u00e7\u00f5es em \u00e1reas ambientalmente fr\u00e1geis e como os estudos sobre o tema s\u00e3o fundamentais para identificar padr\u00f5es, avaliar impactos socioambientais e mitigar riscos, uma vez que o reconhecimento do territ\u00f3rio \u00e9 fundamental para um planejamento urbano justo e ambientalmente sustent\u00e1vel.<\/p>\n","protected":false},"excerpt":{"rendered":"<p>A Professora Teresa Peixoto Faria representando o LEEA no XVI ENANPEGE &#8220;Geografias em um mundo em crise&#8221;, na UFAP- Macap\u00e1, com apresenta\u00e7\u00e3o do trabalho \u201cVulnerabilidade Socioambiental na Favela e Comunidade Urbana Fund\u00e3o: Uma An\u00e1lise Dos Riscos \u00c0 Margem Esquerda do Rio Para\u00edba do Sul em Campos Dos Goytacazes\/RJ\u201d, cuja autora principal \u00e9 a mestranda do [&hellip;]<\/p>\n","protected":false},"author":1,"featured_media":621,"comment_status":"open","ping_status":"open","sticky":false,"template":"","format":"standard","meta":{"saved_in_kubio":false,"footnotes":""},"categories":[10],"tags":[],"class_list":["post-620","post","type-post","status-publish","format-standard","has-post-thumbnail","hentry","category-destaques"],"_links":{"self":[{"href":"https:\/\/leea.uenf.br\/index.php?rest_route=\/wp\/v2\/posts\/620","targetHints":{"allow":["GET"]}}],"collection":[{"href":"https:\/\/leea.uenf.br\/index.php?rest_route=\/wp\/v2\/posts"}],"about":[{"href":"https:\/\/leea.uenf.br\/index.php?rest_route=\/wp\/v2\/types\/post"}],"author":[{"embeddable":true,"href":"https:\/\/leea.uenf.br\/index.php?rest_route=\/wp\/v2\/users\/1"}],"replies":[{"embeddable":true,"href":"https:\/\/leea.uenf.br\/index.php?rest_route=%2Fwp%2Fv2%2Fcomments&post=620"}],"version-history":[{"count":1,"href":"https:\/\/leea.uenf.br\/index.php?rest_route=\/wp\/v2\/posts\/620\/revisions"}],"predecessor-version":[{"id":622,"href":"https:\/\/leea.uenf.br\/index.php?rest_route=\/wp\/v2\/posts\/620\/revisions\/622"}],"wp:featuredmedia":[{"embeddable":true,"href":"https:\/\/leea.uenf.br\/index.php?rest_route=\/wp\/v2\/media\/621"}],"wp:attachment":[{"href":"https:\/\/leea.uenf.br\/index.php?rest_route=%2Fwp%2Fv2%2Fmedia&parent=620"}],"wp:term":[{"taxonomy":"category","embeddable":true,"href":"https:\/\/leea.uenf.br\/index.php?rest_route=%2Fwp%2Fv2%2Fcategories&post=620"},{"taxonomy":"post_tag","embeddable":true,"href":"https:\/\/leea.uenf.br\/index.php?rest_route=%2Fwp%2Fv2%2Ftags&post=620"}],"curies":[{"name":"wp","href":"https:\/\/api.w.org\/{rel}","templated":true}]}}