{"id":640,"date":"2025-12-17T13:18:24","date_gmt":"2025-12-17T16:18:24","guid":{"rendered":"https:\/\/leea.uenf.br\/?p=640"},"modified":"2025-12-17T13:18:25","modified_gmt":"2025-12-17T16:18:25","slug":"agenda-social-lanca-nova-edicao","status":"publish","type":"post","link":"https:\/\/leea.uenf.br\/?p=640","title":{"rendered":"Agenda Social lan\u00e7a nova edi\u00e7\u00e3o!"},"content":{"rendered":"\n<p><strong><em>Novidade!<\/em><\/strong><\/p>\n\n\n\n<p>Agenda Social lan\u00e7a nova edi\u00e7\u00e3o sobre <strong>\u201cPol\u00edticas educacionais e a educa\u00e7\u00e3o b\u00e1sica: desafi os e perspectivas para o ensino no contexto de avan\u00e7o da l\u00f3gica neoliberal\u201d<\/strong>.<\/p>\n\n\n\n<p>O objetivo do dossi\u00ea \u00e9 o de fomentar e aprofundar o debate em torno de experi\u00eancias e investiga\u00e7\u00f5es realizadas no\/sobre o ensino, em diferentes etapas da educa\u00e7\u00e3o b\u00e1sica, em meio ao avan\u00e7o do neoliberalismo e diante da amea\u00e7a \u00e0s pol\u00edticas sociais no pa\u00eds.<\/p>\n\n\n\n<p>Todos os artigos da Agenda Social s\u00e3o acompanhados por um <strong>DOI.<\/strong><\/p>\n\n\n\n<p><strong><em><strong><em><a href=\"https:\/\/revistaagendasocial.com.br\/?page_id=488\" target=\"_blank\" rel=\"noreferrer noopener\">Acesse aqui a edi\u00e7\u00e3o completa!<\/a><\/em><\/strong><\/em><\/strong><\/p>\n\n\n\n<p><\/p>\n","protected":false},"excerpt":{"rendered":"<p>Novidade! Agenda Social lan\u00e7a nova edi\u00e7\u00e3o sobre \u201cPol\u00edticas educacionais e a educa\u00e7\u00e3o b\u00e1sica: desafi os e perspectivas para o ensino no contexto de avan\u00e7o da l\u00f3gica neoliberal\u201d. O objetivo do dossi\u00ea \u00e9 o de fomentar e aprofundar o debate em torno de experi\u00eancias e investiga\u00e7\u00f5es realizadas no\/sobre o ensino, em diferentes etapas da educa\u00e7\u00e3o b\u00e1sica, [&hellip;]<\/p>\n","protected":false},"author":1,"featured_media":641,"comment_status":"open","ping_status":"open","sticky":false,"template":"","format":"standard","meta":{"saved_in_kubio":false,"footnotes":""},"categories":[10],"tags":[],"class_list":["post-640","post","type-post","status-publish","format-standard","has-post-thumbnail","hentry","category-destaques"],"_links":{"self":[{"href":"https:\/\/leea.uenf.br\/index.php?rest_route=\/wp\/v2\/posts\/640","targetHints":{"allow":["GET"]}}],"collection":[{"href":"https:\/\/leea.uenf.br\/index.php?rest_route=\/wp\/v2\/posts"}],"about":[{"href":"https:\/\/leea.uenf.br\/index.php?rest_route=\/wp\/v2\/types\/post"}],"author":[{"embeddable":true,"href":"https:\/\/leea.uenf.br\/index.php?rest_route=\/wp\/v2\/users\/1"}],"replies":[{"embeddable":true,"href":"https:\/\/leea.uenf.br\/index.php?rest_route=%2Fwp%2Fv2%2Fcomments&post=640"}],"version-history":[{"count":1,"href":"https:\/\/leea.uenf.br\/index.php?rest_route=\/wp\/v2\/posts\/640\/revisions"}],"predecessor-version":[{"id":642,"href":"https:\/\/leea.uenf.br\/index.php?rest_route=\/wp\/v2\/posts\/640\/revisions\/642"}],"wp:featuredmedia":[{"embeddable":true,"href":"https:\/\/leea.uenf.br\/index.php?rest_route=\/wp\/v2\/media\/641"}],"wp:attachment":[{"href":"https:\/\/leea.uenf.br\/index.php?rest_route=%2Fwp%2Fv2%2Fmedia&parent=640"}],"wp:term":[{"taxonomy":"category","embeddable":true,"href":"https:\/\/leea.uenf.br\/index.php?rest_route=%2Fwp%2Fv2%2Fcategories&post=640"},{"taxonomy":"post_tag","embeddable":true,"href":"https:\/\/leea.uenf.br\/index.php?rest_route=%2Fwp%2Fv2%2Ftags&post=640"}],"curies":[{"name":"wp","href":"https:\/\/api.w.org\/{rel}","templated":true}]}}